{"provider_url": "https://www.leme.sp.leg.br", "title": "Calend\u00e1rio Cultural junho 2025", "html": "<p>A Prefeitura do Munic\u00edpio de Leme, por meio da Secretaria de Cultura e Turismo, apresenta o calend\u00e1rio cultural para o m\u00eas de junho de 2025.</p>\r\n<p>\u00a0</p>\r\n<p>MT Garage Festival</p>\r\n<p>Data: 01 de junho, domingo</p>\r\n<p>Local: Pra\u00e7a Manoel Leme</p>\r\n<p>Hor\u00e1rio: 08h</p>\r\n<p>\u00a0</p>\r\n<p>Encontro e exposi\u00e7\u00e3o de carros antigos, modificados e rebaixados.</p>\r\n<p>\u00a0</p>\r\n<p>20\u00aa EduCaipira</p>\r\n<p>Data: 06, 07, 08, 13, 14 e 15\u00a0 de junho</p>\r\n<p>Local: Espa\u00e7o da Antiga Cian\u00ea.</p>\r\n<p>Hor\u00e1rio: Sextas e S\u00e1bados a partir das 19h</p>\r\n<p>\u00a0\u00a0\u00a0 Domingos a partir das 16h</p>\r\n<p>\u00a0</p>\r\n<p>A 20.\u00aa edi\u00e7\u00e3o traz como tema \u201cFestan\u00e7a da Diversidade\u201d, evidenciando a import\u00e2ncia do conhecimento e da leitura como instrumento para compreender e agir sobre a diversidade que se apresenta. Al\u00e9m disso, na perspectiva de forma\u00e7\u00e3o integral do indiv\u00edduo, o trabalho a ser realizado antes e depois da festividade pretende lev\u00e1-los a refletir e fortalec\u00ea-los nas rela\u00e7\u00f5es consigo, com o outro e com o ambiente.</p>\r\n<p>\u00a0</p>\r\n<p>18\u00ba anivers\u00e1rio do Kaiowas Moto Clube</p>\r\n<p>Data: 06, 07 e 08 de junho</p>\r\n<p>Local: Recinto da Fapil</p>\r\n<p>\u00a0</p>\r\n<p>Tradicional evento em comemora\u00e7\u00e3o \u00e0 funda\u00e7\u00e3o do Kaiwoas Motoclube, com muitas atra\u00e7\u00f5es musicais, exposi\u00e7\u00f5es de motocicletas e pra\u00e7a de alimenta\u00e7\u00e3o. Os valores arrecadados com os ingressos ser\u00e3o doados para o Fundo Social de Solidariedade.</p>\r\n<p>Dia 06 de junho, sexta-feira a partir das 19h.</p>\r\n<p>Dia 07 de junho, s\u00e1bado a partir das 12h.</p>\r\n<p>Dia 08 de junho, domingo a partir das 09h</p>\r\n<p>\u00a0</p>\r\n<p>Dia de Teatro - \u201c A Hora do Galo\u201d</p>\r\n<p>Data: 07 de junho, s\u00e1bado</p>\r\n<p>Local: Anfiteatro Municipal</p>\r\n<p>Hor\u00e1rio: 16h e 18h</p>\r\n<p>\u00a0</p>\r\n<p>Numa manh\u00e3, ao cantar do galo, Lourdes diz para a irm\u00e3, L\u00edgia, que pressente a pr\u00f3pria morte para o dia seguinte e pede que convide amigos e parentes para a sua despedida. Ligia obedece e, durante o decorrer do f\u00fanebre dia, s\u00e3o reveladas verdades, lembran\u00e7as e surpresas sobre a vida das duas.</p>\r\n<p>\u00a0</p>\r\n<p>Cine em Movimento</p>\r\n<p>\u00a0</p>\r\n<p>Data: 19, 20, 21 e 22 de junho</p>\r\n<p>Local: Pra\u00e7a Manoel Leme</p>\r\n<p>\u00a0</p>\r\n<p>Um experi\u00eancia diferente para se apreciar a s\u00e9tima arte fora de salas de cinema. Os filmes ser\u00e3o exibidos no espa\u00e7o da Pra\u00e7a Manoel Leme (Antiga FEPASA) ao ar livre e totalmente gratuito.</p>\r\n<p>\u00a0</p>\r\n<p>Data: 19 de junho, quinta-feira</p>\r\n<p>Hor\u00e1rio: 19h</p>\r\n<p>Filme: Top Gun: Maverick</p>\r\n<p>\u00a0</p>\r\n<p>Data: 20 de junho, sexta-feira</p>\r\n<p>Hor\u00e1rio: 19h</p>\r\n<p>Filme: Bad Boys: Ride or Die</p>\r\n<p>\u00a0</p>\r\n<p>Data: 21 de junho, s\u00e1bado</p>\r\n<p>Hor\u00e1rio: 19h</p>\r\n<p>Filme: Elementos</p>\r\n<p>\u00a0</p>\r\n<p>Data: 22 de junho</p>\r\n<p>Hor\u00e1rio: 19h</p>\r\n<p>Filme: Trolls 3 - Juntos Novamente</p>\r\n<p>\u00a0</p>\r\n<p>Ecerramento Acampamento Regional de Patrulhas (Escoteiros)</p>\r\n<p>Data: 22 de junho, domingo</p>\r\n<p>Hor\u00e1rio: a partir das 09h</p>\r\n<p>Local: Pra\u00e7a Rui Barbosa</p>\r\n<p>\u00a0</p>\r\n<p>O Acampamento Regional de Patrulhas \u00e9 um encontro estadual de escoteiros, com estimativa de receber 800 pessoas. O Acampamento come\u00e7a na quinta-feira, 19 de junho, com atividades programadas para acontecerem em diversos pontos da cidade durante os 4 dias.</p>\r\n<p>\u00a0</p>\r\n<p>Informa\u00e7\u00f5es adicionais podem ser adquiridas na Secretaria de Cultura e Turismo, localizada na Rua Dr. Armando de Sales Oliveira, 1085 - 5\u00ba andar - Centro ou pelo telefone 3097-1000 ramal 1126.</p>\r\n<p>\u00a0</p>\r\n<p style=\"text-align: right; \">SECRETARIA DE COMUNICA\u00c7\u00c3O SOCIAL</p>\r\n<p style=\"text-align: right; \">PREFEITURA DO MUNIC\u00cdPIO DE LEME</p>", "author_name": "", "version": "1.0", "author_url": "https://www.leme.sp.leg.br/author/marcosmoraes", "provider_name": "C\u00c2MARA MUNICIPAL DE LEME", "type": "rich"}