{"provider_url": "https://www.leme.sp.leg.br", "title": "CONVOCA\u00c7\u00c3O PARA AUDI\u00caNCIA P\u00daBLICA", "html": "<p>O Presidente da C\u00e2mara de Vereadores do Munic\u00edpio de Leme, no uso das atribui\u00e7\u00f5es que lhe s\u00e3o conferidas pelo Regimento Interno, CONVOCA as entidades n\u00e3o governamentais e o p\u00fablico em geral para participarem da AUDI\u00caNCIA P\u00daBLICA, que ser\u00e1 realizada no dia 25 de setembro de 2025, \u00e0s 18h, no Plen\u00e1rio da C\u00e2mara Municipal de Leme.</p>\r\n<p>\u00a0</p>\r\n<p>Na ocasi\u00e3o, o Excelent\u00edssimo Senhor Prefeito Municipal, acompanhado dos Secret\u00e1rios Municipais, far\u00e1, perante a Comiss\u00e3o Permanente de Or\u00e7amento, Finan\u00e7as e Contabilidade da C\u00e2mara Municipal, bem como ao p\u00fablico presente, uma exposi\u00e7\u00e3o sobre o Projeto de Lei n\u00ba 129/2025, que \u201cEstima a Receita e Fixa a Despesa para o exerc\u00edcio de 2026\u201d, submetido \u00e0 discuss\u00e3o e aprecia\u00e7\u00e3o desta Casa Legislativa.</p>\r\n<p>\u00a0</p>\r\n<p>O evento ser\u00e1 conduzido em conformidade com o art. 273 do Regimento Interno da C\u00e2mara Municipal de Leme, o Par\u00e1grafo 1\u00ba e Artigo 48 da Lei de Responsabilidade Fiscal e o Artigo 44 da Lei Federal n\u00ba 10.257/01.</p>\r\n<p>\u00a0</p>\r\n<p align=\"center\">Cintia Cristina Grossklauss</p>\r\n<p align=\"center\">Presidente</p>", "author_name": "", "version": "1.0", "author_url": "https://www.leme.sp.leg.br/author/marcosmoraes", "provider_name": "C\u00c2MARA MUNICIPAL DE LEME", "type": "rich"}