{"provider_url": "https://www.leme.sp.leg.br", "title": "Programa\u00e7\u00e3o CarnaLeme 2026", "html": "<p><b>\u00a0</b></p>\r\n<p><span>A Prefeitura do Munic\u00edpio de Leme,\u00a0por meio\u00a0da Secretaria de Cultura e Turismo, divulga a programa\u00e7\u00e3o do CarnaLeme 2026.</span></p>\r\n<p>\u00a0</p>\r\n<p>As comemora\u00e7\u00f5es do carnaval, iniciam-se no pr\u00f3ximo dia 14 de fevereiro, s\u00e1bado, estendendo-se at\u00e9 o dia 17 de fevereiro, ter\u00e7a-feira, mas est\u00e1 programando para o pr\u00f3ximo dia 07 de fevereiro o \u201cEsquenta\u201d CarnaLeme, com a realiza\u00e7\u00e3o do 1\u00ba Pr\u00e9-Carnaval de Leme.</p>\r\n<p>\u00a0</p>\r\n<p>Ser\u00e3o 4 dias de muita festa e divers\u00e3o, para crian\u00e7as, jovens, adultos e tamb\u00e9m para a melhor idade.</p>\r\n<p>\u00a0</p>\r\n<p>A programa\u00e7\u00e3o completa segue abaixo:</p>\r\n<p>\u00a0</p>\r\n<p><b>07 de fevereiro - s\u00e1bado</b></p>\r\n<p>\u00a0</p>\r\n<p>17h - Pr\u00e9-Carnaval - CarnLeme 2026</p>\r\n<p>Sa\u00edda da Pra\u00e7a Ayrton Senna (defronte \u00e0 antiga Churrascaria Bagatini)</p>\r\n<p>Percorrendo a Avenida Joaquim Lopes Aguila at\u00e9 o Lago Municipal</p>\r\n<p>Participa\u00e7\u00e3o dos blocos de carnaval:</p>\r\n<p>l\u00a0Escola de Samba Acad\u00eamicos do Gago;</p>\r\n<p>l\u00a0Bloco Fanfel;</p>\r\n<p>l\u00a0Bloco Carinhoso;</p>\r\n<p>l\u00a0Bloco #TamoJunto;</p>\r\n<p>l\u00a0Bloco Velho Capit\u00e3o.</p>\r\n<p>\u00a0</p>\r\n<p><b>14 de fevereiro - s\u00e1bado:</b></p>\r\n<p>\u00a0</p>\r\n<p>16h - DJ - Paulinho</p>\r\n<p>18h - Bloco Carinhoso</p>\r\n<p>20h - Carnaretr\u00f4 - Niltinho</p>\r\n<p>21h - Banda Matriz</p>\r\n<p>\u00a0</p>\r\n<p><b>15 de fevereiro - domingo:</b></p>\r\n<p>\u00a0</p>\r\n<p>15h - DJ - Paulinho (Matin\u00ea)</p>\r\n<p>18h - Escola Samba Gago e Blocos de Carnaval</p>\r\n<p>n\u00a0Bloco Fanfel;</p>\r\n<p>n\u00a0Bloco Carinhoso;</p>\r\n<p>n\u00a0Bloco #TamoJunto;</p>\r\n<p>n\u00a0Bloco Velho Capit\u00e3o.</p>\r\n<p>(Sa\u00edda da Pra\u00e7a da B\u00edblia)</p>\r\n<p>21h30 - Matheus Jorente e Banda</p>\r\n<p>\u00a0</p>\r\n<p><b>16 de fevereiro - segunda-feira:</b></p>\r\n<p>\u00a0</p>\r\n<p>18h - DJ - Paulinho</p>\r\n<p>19h - Carnaretr\u00f4 - Niltinho</p>\r\n<p>20h - Escola Samba Samuca Show</p>\r\n<p>*DJ Paulinho</p>\r\n<p>22h - Lucas e Thiago</p>\r\n<p>\u00a0</p>\r\n<p><b>17 de fevereiro - ter\u00e7a-feira:</b></p>\r\n<p>\u00a0</p>\r\n<p>15h - DJ- \u00a0Paulinho (Matin\u00ea)</p>\r\n<p>16h - Caf\u00e9 com Chorinho</p>\r\n<p>17h - Amasc (M\u00e1scaras)</p>\r\n<p>*DJ Paulinho</p>\r\n<p>21h - J\u00f3ia Rara / Carol Mattos (Forr\u00f3 Estilizados)</p>\r\n<p>\u00a0</p>\r\n<p>Informa\u00e7\u00f5es adicionais podem ser adquiridas\u00a0na Secretaria de Cultura e Turismo,\u00a0localizada na\u00a0Rua Dr. Armando de Sales Oliveira, 1085 - 5\u00ba andar - Centro\u00a0\u00a0ou pelo telefone 3097-1000.</p>\r\n<p><img src=\"https://www.leme.sp.leg.br/institucional/fotos/PrCarnaval20262.png/@@images/970ed5d0-9512-4729-b6c6-0fd7c5d1c87d.png\" alt=\"\" class=\"image-inline\" title=\"\" />\u00a0\u00a0<img src=\"https://www.leme.sp.leg.br/imagens/PrCarnaval20261.png/@@images/ea8e0ba4-9bcb-484f-b445-8b9f43fb4478.png\" alt=\"\" class=\"image-inline\" title=\"\" /></p>\r\n<p>\u00a0</p>\r\n<p>\u00a0</p>\r\n<p>\u00a0</p>\r\n<p>\u00a0</p>\r\n<p><b>SECRETARIA DE COMUNICA\u00c7\u00c3O SOCIAL</b></p>\r\n<p><b>PREFEITURA DO MUNIC\u00cdPIO DE LEME</b></p>", "author_name": "", "version": "1.0", "author_url": "https://www.leme.sp.leg.br/author/marcosmoraes", "provider_name": "C\u00c2MARA MUNICIPAL DE LEME", "type": "rich"}